{"id":2074,"date":"2025-10-02T18:23:55","date_gmt":"2025-10-02T18:23:55","guid":{"rendered":"https:\/\/www.domseniora.net\/?p=2074"},"modified":"2025-10-02T18:29:38","modified_gmt":"2025-10-02T18:29:38","slug":"informacja-o-wolnym-miejscu-w-naszym-domu-pomocy-spolecznej","status":"publish","type":"post","link":"http:\/\/www.domseniora.net\/index.php\/2025\/10\/02\/informacja-o-wolnym-miejscu-w-naszym-domu-pomocy-spolecznej\/","title":{"rendered":"Informacja o wolnym miejscu w naszym Domu Pomocy Spo\u0142ecznej"},"content":{"rendered":"\t\t<div data-elementor-type=\"wp-post\" data-elementor-id=\"2074\" class=\"elementor elementor-2074\">\n\t\t\t\t\t\t<section data-particle_enable=\"false\" data-particle-mobile-disabled=\"false\" class=\"elementor-section elementor-top-section elementor-element elementor-element-3ad116dc envato-kit-141-top-0 elementor-section-boxed elementor-section-height-default elementor-section-height-default\" data-id=\"3ad116dc\" data-element_type=\"section\" data-e-type=\"section\" data-settings=\"{&quot;background_background&quot;:&quot;classic&quot;}\">\n\t\t\t\t\t\t\t<div class=\"elementor-background-overlay\"><\/div>\n\t\t\t\t\t\t\t<div class=\"elementor-container elementor-column-gap-wider\">\n\t\t\t\t\t<div class=\"elementor-column elementor-col-50 elementor-top-column elementor-element elementor-element-c74f013\" data-id=\"c74f013\" data-element_type=\"column\" data-e-type=\"column\">\n\t\t\t<div class=\"elementor-widget-wrap elementor-element-populated\">\n\t\t\t\t\t\t<div class=\"elementor-element elementor-element-23902bfc elementor-widget__width-initial elementor-invisible elementor-widget elementor-widget-heading\" data-id=\"23902bfc\" data-element_type=\"widget\" data-e-type=\"widget\" data-settings=\"{&quot;_animation&quot;:&quot;fadeIn&quot;,&quot;_animation_delay&quot;:100}\" data-widget_type=\"heading.default\">\n\t\t\t\t<div class=\"elementor-widget-container\">\n\t\t\t\t\t<h2 class=\"elementor-heading-title elementor-size-default\">Informacja o wolnym miejscu w naszym Domu Pomocy Spo\u0142ecznej<\/h2>\t\t\t\t<\/div>\n\t\t\t\t<\/div>\n\t\t\t\t<div class=\"elementor-element elementor-element-3c0661a7 elementor-widget-divider--view-line elementor-invisible elementor-widget elementor-widget-divider\" data-id=\"3c0661a7\" data-element_type=\"widget\" data-e-type=\"widget\" data-settings=\"{&quot;_animation&quot;:&quot;fadeIn&quot;,&quot;_animation_delay&quot;:150}\" data-widget_type=\"divider.default\">\n\t\t\t\t<div class=\"elementor-widget-container\">\n\t\t\t\t\t\t\t<div class=\"elementor-divider\">\n\t\t\t<span class=\"elementor-divider-separator\">\n\t\t\t\t\t\t<\/span>\n\t\t<\/div>\n\t\t\t\t\t\t<\/div>\n\t\t\t\t<\/div>\n\t\t\t\t<section data-particle_enable=\"false\" data-particle-mobile-disabled=\"false\" class=\"elementor-section elementor-inner-section elementor-element elementor-element-37c3b854 elementor-section-boxed elementor-section-height-default elementor-section-height-default elementor-invisible\" data-id=\"37c3b854\" data-element_type=\"section\" data-e-type=\"section\" data-settings=\"{&quot;animation&quot;:&quot;fadeIn&quot;,&quot;animation_delay&quot;:300}\">\n\t\t\t\t\t\t<div class=\"elementor-container elementor-column-gap-no\">\n\t\t\t\t\t<div class=\"elementor-column elementor-col-100 elementor-inner-column elementor-element elementor-element-3d578ca5\" data-id=\"3d578ca5\" data-element_type=\"column\" data-e-type=\"column\">\n\t\t\t<div class=\"elementor-widget-wrap elementor-element-populated\">\n\t\t\t\t\t\t<div class=\"elementor-element elementor-element-53f9e47 elementor-widget__width-auto elementor-invisible elementor-widget elementor-widget-heading\" data-id=\"53f9e47\" data-element_type=\"widget\" data-e-type=\"widget\" data-settings=\"{&quot;_animation&quot;:&quot;fadeIn&quot;,&quot;_animation_delay&quot;:100}\" data-widget_type=\"heading.default\">\n\t\t\t\t<div class=\"elementor-widget-container\">\n\t\t\t\t\t<h2 class=\"elementor-heading-title elementor-size-default\"><p data-start=\"204\" data-end=\"351\">Szanowni Pa\u0144stwo,<br data-start=\"221\" data-end=\"224\">\nInformujemy, \u017ce w naszym Domu Pomocy Spo\u0142ecznej pojawi\u0142o si\u0119 <strong data-start=\"285\" data-end=\"308\">jedno wolne miejsce<\/strong> dla nowego Mieszka\u0144ca !<\/p>\n<p data-start=\"353\" data-end=\"512\">Oferujemy ca\u0142odobow\u0105 opiek\u0119, komfortowe warunki mieszkaniowe, indywidualne podej\u015bcie do mieszka\u0144c\u00f3w oraz bogaty program zaj\u0119\u0107 terapeutycznych i integracyjnych.<\/p>\n<p data-start=\"514\" data-end=\"651\">Zainteresowanych prosimy o kontakt telefoniczny. Ch\u0119tnie udzielimy szczeg\u00f3\u0142owych informacji i pomo\u017cemy w procesie rekrutacji.<\/p><\/h2>\t\t\t\t<\/div>\n\t\t\t\t<\/div>\n\t\t\t\t\t<\/div>\n\t\t<\/div>\n\t\t\t\t\t<\/div>\n\t\t<\/section>\n\t\t\t\t\t<\/div>\n\t\t<\/div>\n\t\t\t\t<div class=\"elementor-column elementor-col-50 elementor-top-column elementor-element elementor-element-45b99b7\" data-id=\"45b99b7\" data-element_type=\"column\" data-e-type=\"column\">\n\t\t\t<div class=\"elementor-widget-wrap elementor-element-populated\">\n\t\t\t\t\t\t<div class=\"elementor-element elementor-element-4f341f6 elementor-arrows-position-inside elementor-pagination-position-outside elementor-widget elementor-widget-image-carousel\" data-id=\"4f341f6\" data-element_type=\"widget\" data-e-type=\"widget\" data-settings=\"{&quot;slides_to_show&quot;:&quot;1&quot;,&quot;navigation&quot;:&quot;both&quot;,&quot;autoplay&quot;:&quot;yes&quot;,&quot;pause_on_hover&quot;:&quot;yes&quot;,&quot;pause_on_interaction&quot;:&quot;yes&quot;,&quot;autoplay_speed&quot;:5000,&quot;infinite&quot;:&quot;yes&quot;,&quot;effect&quot;:&quot;slide&quot;,&quot;speed&quot;:500}\" data-widget_type=\"image-carousel.default\">\n\t\t\t\t<div class=\"elementor-widget-container\">\n\t\t\t\t\t\t\t<div class=\"elementor-image-carousel-wrapper swiper\" role=\"region\" aria-roledescription=\"carousel\" aria-label=\"Karuzela obrazk\u00f3w\" dir=\"ltr\">\n\t\t\t<div class=\"elementor-image-carousel swiper-wrapper\" aria-live=\"off\">\n\t\t\t\t\t\t\t\t<div class=\"swiper-slide\" role=\"group\" aria-roledescription=\"slide\" aria-label=\"1 z 7\"><figure class=\"swiper-slide-inner\"><img decoding=\"async\" class=\"swiper-slide-image\" src=\"https:\/\/www.domseniora.net\/wp-content\/uploads\/2025\/04\/IMG_4130.opti_-768x1024.webp\" alt=\"IMG_4130.opti\" \/><\/figure><\/div><div class=\"swiper-slide\" role=\"group\" aria-roledescription=\"slide\" aria-label=\"2 z 7\"><figure class=\"swiper-slide-inner\"><img decoding=\"async\" class=\"swiper-slide-image\" src=\"https:\/\/www.domseniora.net\/wp-content\/uploads\/2025\/04\/IMG_4224.opti_-768x1024.webp\" alt=\"IMG_4224.opti\" \/><\/figure><\/div><div class=\"swiper-slide\" role=\"group\" aria-roledescription=\"slide\" aria-label=\"3 z 7\"><figure class=\"swiper-slide-inner\"><img decoding=\"async\" class=\"swiper-slide-image\" src=\"https:\/\/www.domseniora.net\/wp-content\/uploads\/2025\/04\/IMG_4279.opti_-768x1024.webp\" alt=\"IMG_4279.opti\" \/><\/figure><\/div><div class=\"swiper-slide\" role=\"group\" aria-roledescription=\"slide\" aria-label=\"4 z 7\"><figure class=\"swiper-slide-inner\"><img decoding=\"async\" class=\"swiper-slide-image\" src=\"https:\/\/www.domseniora.net\/wp-content\/uploads\/2025\/05\/3055316610-768x1153.jpg\" alt=\"_3055316610\" \/><\/figure><\/div><div class=\"swiper-slide\" role=\"group\" aria-roledescription=\"slide\" aria-label=\"5 z 7\"><figure class=\"swiper-slide-inner\"><img decoding=\"async\" class=\"swiper-slide-image\" src=\"https:\/\/www.domseniora.net\/wp-content\/uploads\/2025\/05\/jedznie_dla_naszych_domownikalw_7632186082-768x1024.jpg\" alt=\"jedznie_dla_naszych_domownikalw_7632186082\" \/><\/figure><\/div><div class=\"swiper-slide\" role=\"group\" aria-roledescription=\"slide\" aria-label=\"6 z 7\"><figure class=\"swiper-slide-inner\"><img decoding=\"async\" class=\"swiper-slide-image\" src=\"https:\/\/www.domseniora.net\/wp-content\/uploads\/2025\/05\/sarna_basia_w_ogrodzie_8688001963-768x576.jpg\" alt=\"sarna_basia_w_ogrodzie_8688001963\" \/><\/figure><\/div><div class=\"swiper-slide\" role=\"group\" aria-roledescription=\"slide\" aria-label=\"7 z 7\"><figure class=\"swiper-slide-inner\"><img decoding=\"async\" class=\"swiper-slide-image\" src=\"https:\/\/www.domseniora.net\/wp-content\/uploads\/2025\/05\/wielkanoc_2019r_898600453-768x576.jpg\" alt=\"wielkanoc_2019r_898600453\" \/><\/figure><\/div>\t\t\t<\/div>\n\t\t\t\t\t\t\t\t\t\t\t\t<div class=\"elementor-swiper-button elementor-swiper-button-prev\" role=\"button\" tabindex=\"0\">\n\t\t\t\t\t\t<i aria-hidden=\"true\" class=\"eicon-chevron-left\"><\/i>\t\t\t\t\t<\/div>\n\t\t\t\t\t<div class=\"elementor-swiper-button elementor-swiper-button-next\" role=\"button\" tabindex=\"0\">\n\t\t\t\t\t\t<i aria-hidden=\"true\" class=\"eicon-chevron-right\"><\/i>\t\t\t\t\t<\/div>\n\t\t\t\t\n\t\t\t\t\t\t\t\t\t<div class=\"swiper-pagination\"><\/div>\n\t\t\t\t\t\t\t\t\t<\/div>\n\t\t\t\t\t\t<\/div>\n\t\t\t\t<\/div>\n\t\t\t\t<div class=\"elementor-element elementor-element-98b4169 elementor-widget elementor-widget-text-editor\" data-id=\"98b4169\" data-element_type=\"widget\" data-e-type=\"widget\" data-widget_type=\"text-editor.default\">\n\t\t\t\t<div class=\"elementor-widget-container\">\n\t\t\t\t\t\t\t\t\t<p>L<\/p>\t\t\t\t\t\t\t\t<\/div>\n\t\t\t\t<\/div>\n\t\t\t\t<section data-particle_enable=\"false\" data-particle-mobile-disabled=\"false\" class=\"elementor-section elementor-inner-section elementor-element elementor-element-16241b1 elementor-section-boxed elementor-section-height-default elementor-section-height-default\" data-id=\"16241b1\" data-element_type=\"section\" data-e-type=\"section\">\n\t\t\t\t\t\t<div class=\"elementor-container elementor-column-gap-default\">\n\t\t\t\t\t<div class=\"elementor-column elementor-col-50 elementor-inner-column elementor-element elementor-element-e7c8ebf\" data-id=\"e7c8ebf\" data-element_type=\"column\" data-e-type=\"column\">\n\t\t\t<div class=\"elementor-widget-wrap\">\n\t\t\t\t\t\t\t<\/div>\n\t\t<\/div>\n\t\t\t\t<div class=\"elementor-column elementor-col-50 elementor-inner-column elementor-element elementor-element-250b05e\" data-id=\"250b05e\" data-element_type=\"column\" data-e-type=\"column\">\n\t\t\t<div class=\"elementor-widget-wrap\">\n\t\t\t\t\t\t\t<\/div>\n\t\t<\/div>\n\t\t\t\t\t<\/div>\n\t\t<\/section>\n\t\t\t\t\t<\/div>\n\t\t<\/div>\n\t\t\t\t\t<\/div>\n\t\t<\/section>\n\t\t\t\t<section data-particle_enable=\"false\" data-particle-mobile-disabled=\"false\" class=\"elementor-section elementor-top-section elementor-element elementor-element-c2ee72e elementor-section-boxed elementor-section-height-default elementor-section-height-default\" data-id=\"c2ee72e\" data-element_type=\"section\" data-e-type=\"section\">\n\t\t\t\t\t\t<div class=\"elementor-container elementor-column-gap-default\">\n\t\t\t\t\t<div class=\"elementor-column elementor-col-100 elementor-top-column elementor-element elementor-element-f867f00\" data-id=\"f867f00\" data-element_type=\"column\" data-e-type=\"column\">\n\t\t\t<div class=\"elementor-widget-wrap elementor-element-populated\">\n\t\t\t\t\t\t<div class=\"elementor-element elementor-element-d9cedca elementor-grid-3 elementor-grid-tablet-2 elementor-grid-mobile-1 elementor-posts--thumbnail-top elementor-widget elementor-widget-posts\" data-id=\"d9cedca\" data-element_type=\"widget\" data-e-type=\"widget\" data-settings=\"{&quot;classic_columns&quot;:&quot;3&quot;,&quot;classic_columns_tablet&quot;:&quot;2&quot;,&quot;classic_columns_mobile&quot;:&quot;1&quot;,&quot;classic_row_gap&quot;:{&quot;unit&quot;:&quot;px&quot;,&quot;size&quot;:35,&quot;sizes&quot;:[]},&quot;classic_row_gap_tablet&quot;:{&quot;unit&quot;:&quot;px&quot;,&quot;size&quot;:&quot;&quot;,&quot;sizes&quot;:[]},&quot;classic_row_gap_mobile&quot;:{&quot;unit&quot;:&quot;px&quot;,&quot;size&quot;:&quot;&quot;,&quot;sizes&quot;:[]}}\" data-widget_type=\"posts.classic\">\n\t\t\t\t<div class=\"elementor-widget-container\">\n\t\t\t\t\t\t\t<div class=\"elementor-posts-container elementor-posts elementor-posts--skin-classic elementor-grid\">\n\t\t\t\t<article class=\"elementor-post elementor-grid-item post-2586 post type-post status-publish format-standard has-post-thumbnail hentry category-aktualnosci\">\n\t\t\t\t<a class=\"elementor-post__thumbnail__link\" href=\"http:\/\/www.domseniora.net\/index.php\/2026\/04\/28\/cieplo-ktore-leczy-niezwykla-moc-spotkan-ze-zwierzetami-w-dps-nad-strumykiem\/\" >\n\t\t\t<div class=\"elementor-post__thumbnail\"><img fetchpriority=\"high\" decoding=\"async\" width=\"201\" height=\"300\" src=\"http:\/\/www.domseniora.net\/wp-content\/uploads\/2026\/04\/pies-w-dps-z-mieszkancami-201x300.webp\" class=\"attachment-medium size-medium wp-image-2588\" alt=\"Pies w DPS z mieszka\u0144cami\" srcset=\"http:\/\/www.domseniora.net\/wp-content\/uploads\/2026\/04\/pies-w-dps-z-mieszkancami-201x300.webp 201w, http:\/\/www.domseniora.net\/wp-content\/uploads\/2026\/04\/pies-w-dps-z-mieszkancami-687x1024.webp 687w, http:\/\/www.domseniora.net\/wp-content\/uploads\/2026\/04\/pies-w-dps-z-mieszkancami-768x1145.webp 768w, http:\/\/www.domseniora.net\/wp-content\/uploads\/2026\/04\/pies-w-dps-z-mieszkancami.webp 872w\" sizes=\"(max-width: 201px) 100vw, 201px\" \/><\/div>\n\t\t<\/a>\n\t\t\t\t<div class=\"elementor-post__text\">\n\t\t\t\t<h3 class=\"elementor-post__title\">\n\t\t\t<a href=\"http:\/\/www.domseniora.net\/index.php\/2026\/04\/28\/cieplo-ktore-leczy-niezwykla-moc-spotkan-ze-zwierzetami-w-dps-nad-strumykiem\/\" >\n\t\t\t\tCiep\u0142o, kt\u00f3re leczy &#8211; niezwyk\u0142a moc spotka\u0144 ze zwierz\u0119tami w DPS Nad Strumykiem\t\t\t<\/a>\n\t\t<\/h3>\n\t\t\t\t<div class=\"elementor-post__meta-data\">\n\t\t\t\t\t<span class=\"elementor-post-date\">\n\t\t\t28 kwietnia, 2026\t\t<\/span>\n\t\t\t\t<span class=\"elementor-post-avatar\">\n\t\t\tBrak komentarzy\t\t<\/span>\n\t\t\t\t<\/div>\n\t\t\t\t<div class=\"elementor-post__excerpt\">\n\t\t\t<p>W DPS Nad Strumykiem dbamy o to, aby ka\u017cdy dzie\u0144 naszych mieszka\u0144c\u00f3w by\u0142 nie tylko bezpieczny, ale te\u017c pe\u0142en ciep\u0142a i prawdziwych emocji. To w\u0142a\u015bnie<\/p>\n\t\t<\/div>\n\t\t\n\t\t<a class=\"elementor-post__read-more\" href=\"http:\/\/www.domseniora.net\/index.php\/2026\/04\/28\/cieplo-ktore-leczy-niezwykla-moc-spotkan-ze-zwierzetami-w-dps-nad-strumykiem\/\" >\n\t\t\tRead More \u00bb\t\t<\/a>\n\n\t\t\t\t<\/div>\n\t\t\t\t<\/article>\n\t\t\t\t<article class=\"elementor-post elementor-grid-item post-2575 post type-post status-publish format-standard has-post-thumbnail hentry category-aktualnosci\">\n\t\t\t\t<a class=\"elementor-post__thumbnail__link\" href=\"http:\/\/www.domseniora.net\/index.php\/2026\/04\/15\/swieta-wielkanocnne-2026-w-dps-nad-strumykiem\/\" >\n\t\t\t<div class=\"elementor-post__thumbnail\"><img decoding=\"async\" width=\"226\" height=\"300\" src=\"http:\/\/www.domseniora.net\/wp-content\/uploads\/2026\/04\/nabozenstwo-wielkanocne-w-dps-226x300.webp\" class=\"attachment-medium size-medium wp-image-2577\" alt=\"Nabo\u017ce\u0144stwo wielkanocne w DPS\" srcset=\"http:\/\/www.domseniora.net\/wp-content\/uploads\/2026\/04\/nabozenstwo-wielkanocne-w-dps-226x300.webp 226w, http:\/\/www.domseniora.net\/wp-content\/uploads\/2026\/04\/nabozenstwo-wielkanocne-w-dps-771x1024.webp 771w, http:\/\/www.domseniora.net\/wp-content\/uploads\/2026\/04\/nabozenstwo-wielkanocne-w-dps-768x1020.webp 768w, http:\/\/www.domseniora.net\/wp-content\/uploads\/2026\/04\/nabozenstwo-wielkanocne-w-dps-1157x1536.webp 1157w, http:\/\/www.domseniora.net\/wp-content\/uploads\/2026\/04\/nabozenstwo-wielkanocne-w-dps.webp 1205w\" sizes=\"(max-width: 226px) 100vw, 226px\" \/><\/div>\n\t\t<\/a>\n\t\t\t\t<div class=\"elementor-post__text\">\n\t\t\t\t<h3 class=\"elementor-post__title\">\n\t\t\t<a href=\"http:\/\/www.domseniora.net\/index.php\/2026\/04\/15\/swieta-wielkanocnne-2026-w-dps-nad-strumykiem\/\" >\n\t\t\t\t\u015awi\u0119ta Wielkanocne 2026 w DPS \u201eNad Strumykiem\u201d\t\t\t<\/a>\n\t\t<\/h3>\n\t\t\t\t<div class=\"elementor-post__meta-data\">\n\t\t\t\t\t<span class=\"elementor-post-date\">\n\t\t\t15 kwietnia, 2026\t\t<\/span>\n\t\t\t\t<span class=\"elementor-post-avatar\">\n\t\t\tBrak komentarzy\t\t<\/span>\n\t\t\t\t<\/div>\n\t\t\t\t<div class=\"elementor-post__excerpt\">\n\t\t\t<p>W DPS \u201eNad Strumykiem\u201d Wielkanoc to nie tylko czas \u015bwi\u0105tecznych dekoracji, ale tak\u017ce wyj\u0105tkowy moment, w kt\u00f3rym szczeg\u00f3lne miejsce zajmuje wsp\u00f3lne jedzenie i tradycyjne \u015bwi\u0105teczne<\/p>\n\t\t<\/div>\n\t\t\n\t\t<a class=\"elementor-post__read-more\" href=\"http:\/\/www.domseniora.net\/index.php\/2026\/04\/15\/swieta-wielkanocnne-2026-w-dps-nad-strumykiem\/\" >\n\t\t\tRead More \u00bb\t\t<\/a>\n\n\t\t\t\t<\/div>\n\t\t\t\t<\/article>\n\t\t\t\t<article class=\"elementor-post elementor-grid-item post-2559 post type-post status-publish format-standard has-post-thumbnail hentry category-aktualnosci\">\n\t\t\t\t<a class=\"elementor-post__thumbnail__link\" href=\"http:\/\/www.domseniora.net\/index.php\/2026\/03\/29\/przygotowania-do-swiat-wielkanocnych-w-dps-nad-strumykiem\/\" >\n\t\t\t<div class=\"elementor-post__thumbnail\"><img decoding=\"async\" width=\"225\" height=\"300\" src=\"http:\/\/www.domseniora.net\/wp-content\/uploads\/2026\/03\/swieta-wielkanocne-w-domu-seniora-225x300.webp\" class=\"attachment-medium size-medium wp-image-2562\" alt=\"\u015awi\u0119ta wielkanocne w domu seniora\" srcset=\"http:\/\/www.domseniora.net\/wp-content\/uploads\/2026\/03\/swieta-wielkanocne-w-domu-seniora-225x300.webp 225w, http:\/\/www.domseniora.net\/wp-content\/uploads\/2026\/03\/swieta-wielkanocne-w-domu-seniora-768x1024.webp 768w, http:\/\/www.domseniora.net\/wp-content\/uploads\/2026\/03\/swieta-wielkanocne-w-domu-seniora-1152x1536.webp 1152w, http:\/\/www.domseniora.net\/wp-content\/uploads\/2026\/03\/swieta-wielkanocne-w-domu-seniora.webp 1200w\" sizes=\"(max-width: 225px) 100vw, 225px\" \/><\/div>\n\t\t<\/a>\n\t\t\t\t<div class=\"elementor-post__text\">\n\t\t\t\t<h3 class=\"elementor-post__title\">\n\t\t\t<a href=\"http:\/\/www.domseniora.net\/index.php\/2026\/03\/29\/przygotowania-do-swiat-wielkanocnych-w-dps-nad-strumykiem\/\" >\n\t\t\t\tPrzygotowania do \u015awi\u0105t Wielkanocnych w DPS \u201eNad Strumykiem\u201d\t\t\t<\/a>\n\t\t<\/h3>\n\t\t\t\t<div class=\"elementor-post__meta-data\">\n\t\t\t\t\t<span class=\"elementor-post-date\">\n\t\t\t29 marca, 2026\t\t<\/span>\n\t\t\t\t<span class=\"elementor-post-avatar\">\n\t\t\tBrak komentarzy\t\t<\/span>\n\t\t\t\t<\/div>\n\t\t\t\t<div class=\"elementor-post__excerpt\">\n\t\t\t<p>\u015awi\u0119ta Wielkanocne w naszym domu to czas szczeg\u00f3lny \u2013 pe\u0142en kolor\u00f3w, symboli i ciep\u0142ej, rodzinnej atmosfery. W wielu miejscach pojawiaj\u0105 si\u0119 \u015bwi\u0105teczne dekoracje: r\u0119cznie przygotowane<\/p>\n\t\t<\/div>\n\t\t\n\t\t<a class=\"elementor-post__read-more\" href=\"http:\/\/www.domseniora.net\/index.php\/2026\/03\/29\/przygotowania-do-swiat-wielkanocnych-w-dps-nad-strumykiem\/\" >\n\t\t\tRead More \u00bb\t\t<\/a>\n\n\t\t\t\t<\/div>\n\t\t\t\t<\/article>\n\t\t\t\t<article class=\"elementor-post elementor-grid-item post-2550 post type-post status-publish format-standard has-post-thumbnail hentry category-aktualnosci\">\n\t\t\t\t<a class=\"elementor-post__thumbnail__link\" href=\"http:\/\/www.domseniora.net\/index.php\/2026\/03\/29\/domowe-posilki-w-dps-nad-strumykiem\/\" >\n\t\t\t<div class=\"elementor-post__thumbnail\"><img loading=\"lazy\" decoding=\"async\" width=\"225\" height=\"300\" src=\"http:\/\/www.domseniora.net\/wp-content\/uploads\/2026\/03\/obiad-w-domu-seniora-225x300.webp\" class=\"attachment-medium size-medium wp-image-2553\" alt=\"Obiad w domu seniora\" srcset=\"http:\/\/www.domseniora.net\/wp-content\/uploads\/2026\/03\/obiad-w-domu-seniora-225x300.webp 225w, http:\/\/www.domseniora.net\/wp-content\/uploads\/2026\/03\/obiad-w-domu-seniora-768x1024.webp 768w, http:\/\/www.domseniora.net\/wp-content\/uploads\/2026\/03\/obiad-w-domu-seniora.webp 1100w\" sizes=\"(max-width: 225px) 100vw, 225px\" \/><\/div>\n\t\t<\/a>\n\t\t\t\t<div class=\"elementor-post__text\">\n\t\t\t\t<h3 class=\"elementor-post__title\">\n\t\t\t<a href=\"http:\/\/www.domseniora.net\/index.php\/2026\/03\/29\/domowe-posilki-w-dps-nad-strumykiem\/\" >\n\t\t\t\tDomowe posi\u0142ki w DPS \u201eNad Strumykiem\u201d\t\t\t<\/a>\n\t\t<\/h3>\n\t\t\t\t<div class=\"elementor-post__meta-data\">\n\t\t\t\t\t<span class=\"elementor-post-date\">\n\t\t\t29 marca, 2026\t\t<\/span>\n\t\t\t\t<span class=\"elementor-post-avatar\">\n\t\t\tBrak komentarzy\t\t<\/span>\n\t\t\t\t<\/div>\n\t\t\t\t<div class=\"elementor-post__excerpt\">\n\t\t\t<p>W naszym Domu Pomocy Spo\u0142ecznej \u201eNad Strumykiem\u201d przyk\u0142adamy du\u017c\u0105 wag\u0119 do jako\u015bci i smaku codziennych posi\u0142k\u00f3w. Wiemy, \u017ce dobre jedzenie to nie tylko potrzeba, ale<\/p>\n\t\t<\/div>\n\t\t\n\t\t<a class=\"elementor-post__read-more\" href=\"http:\/\/www.domseniora.net\/index.php\/2026\/03\/29\/domowe-posilki-w-dps-nad-strumykiem\/\" >\n\t\t\tRead More \u00bb\t\t<\/a>\n\n\t\t\t\t<\/div>\n\t\t\t\t<\/article>\n\t\t\t\t<article class=\"elementor-post elementor-grid-item post-2533 post type-post status-publish format-standard has-post-thumbnail hentry category-aktualnosci\">\n\t\t\t\t<a class=\"elementor-post__thumbnail__link\" href=\"http:\/\/www.domseniora.net\/index.php\/2026\/03\/18\/nasz-dom-przestrzen-w-ktorej-chce-sie-byc\/\" >\n\t\t\t<div class=\"elementor-post__thumbnail\"><img loading=\"lazy\" decoding=\"async\" width=\"253\" height=\"300\" src=\"http:\/\/www.domseniora.net\/wp-content\/uploads\/2026\/03\/budynek-dps-nad-strumykiem-253x300.webp\" class=\"attachment-medium size-medium wp-image-2541\" alt=\"Budynek DPS Nad Strumykiem\" srcset=\"http:\/\/www.domseniora.net\/wp-content\/uploads\/2026\/03\/budynek-dps-nad-strumykiem-253x300.webp 253w, http:\/\/www.domseniora.net\/wp-content\/uploads\/2026\/03\/budynek-dps-nad-strumykiem.webp 569w\" sizes=\"(max-width: 253px) 100vw, 253px\" \/><\/div>\n\t\t<\/a>\n\t\t\t\t<div class=\"elementor-post__text\">\n\t\t\t\t<h3 class=\"elementor-post__title\">\n\t\t\t<a href=\"http:\/\/www.domseniora.net\/index.php\/2026\/03\/18\/nasz-dom-przestrzen-w-ktorej-chce-sie-byc\/\" >\n\t\t\t\tNasz Dom \u2013 przestrze\u0144, w kt\u00f3rej chce si\u0119 by\u0107\t\t\t<\/a>\n\t\t<\/h3>\n\t\t\t\t<div class=\"elementor-post__meta-data\">\n\t\t\t\t\t<span class=\"elementor-post-date\">\n\t\t\t18 marca, 2026\t\t<\/span>\n\t\t\t\t<span class=\"elementor-post-avatar\">\n\t\t\tBrak komentarzy\t\t<\/span>\n\t\t\t\t<\/div>\n\t\t\t\t<div class=\"elementor-post__excerpt\">\n\t\t\t<p>Nasz Dom to miejsce, w kt\u00f3rym od pierwszego kroku czu\u0107 spok\u00f3j i bezpiecze\u0144stwo. Jasne, przestronne wn\u0119trza tworz\u0105 atmosfer\u0119 ciep\u0142a i harmonii, a starannie dobrane detale<\/p>\n\t\t<\/div>\n\t\t\n\t\t<a class=\"elementor-post__read-more\" href=\"http:\/\/www.domseniora.net\/index.php\/2026\/03\/18\/nasz-dom-przestrzen-w-ktorej-chce-sie-byc\/\" >\n\t\t\tRead More \u00bb\t\t<\/a>\n\n\t\t\t\t<\/div>\n\t\t\t\t<\/article>\n\t\t\t\t<article class=\"elementor-post elementor-grid-item post-2518 post type-post status-publish format-standard has-post-thumbnail hentry category-aktualnosci\">\n\t\t\t\t<a class=\"elementor-post__thumbnail__link\" href=\"http:\/\/www.domseniora.net\/index.php\/2026\/02\/25\/wiosna-budzi-sie-nad-strumykiem\/\" >\n\t\t\t<div class=\"elementor-post__thumbnail\"><img loading=\"lazy\" decoding=\"async\" width=\"225\" height=\"300\" src=\"http:\/\/www.domseniora.net\/wp-content\/uploads\/2026\/02\/ogrod-dps-nad-strumykiem-225x300.webp\" class=\"attachment-medium size-medium wp-image-2522\" alt=\"Ogr\u00f3d DPS Nad Strumykiem\" srcset=\"http:\/\/www.domseniora.net\/wp-content\/uploads\/2026\/02\/ogrod-dps-nad-strumykiem-225x300.webp 225w, http:\/\/www.domseniora.net\/wp-content\/uploads\/2026\/02\/ogrod-dps-nad-strumykiem-769x1024.webp 769w, http:\/\/www.domseniora.net\/wp-content\/uploads\/2026\/02\/ogrod-dps-nad-strumykiem-768x1023.webp 768w, http:\/\/www.domseniora.net\/wp-content\/uploads\/2026\/02\/ogrod-dps-nad-strumykiem.webp 902w\" sizes=\"(max-width: 225px) 100vw, 225px\" \/><\/div>\n\t\t<\/a>\n\t\t\t\t<div class=\"elementor-post__text\">\n\t\t\t\t<h3 class=\"elementor-post__title\">\n\t\t\t<a href=\"http:\/\/www.domseniora.net\/index.php\/2026\/02\/25\/wiosna-budzi-sie-nad-strumykiem\/\" >\n\t\t\t\tWiosna budzi si\u0119 Nad Strumykiem\t\t\t<\/a>\n\t\t<\/h3>\n\t\t\t\t<div class=\"elementor-post__meta-data\">\n\t\t\t\t\t<span class=\"elementor-post-date\">\n\t\t\t25 lutego, 2026\t\t<\/span>\n\t\t\t\t<span class=\"elementor-post-avatar\">\n\t\t\tBrak komentarzy\t\t<\/span>\n\t\t\t\t<\/div>\n\t\t\t\t<div class=\"elementor-post__excerpt\">\n\t\t\t<p>Cho\u0107 poranki bywaj\u0105 jeszcze ch\u0142odne, przyroda wok\u00f3\u0142 naszego Domu wyra\u017anie daje zna\u0107, \u017ce wiosna jest ju\u017c blisko. Tafla stawu powoli traci lodowy spok\u00f3j, drzewa i<\/p>\n\t\t<\/div>\n\t\t\n\t\t<a class=\"elementor-post__read-more\" href=\"http:\/\/www.domseniora.net\/index.php\/2026\/02\/25\/wiosna-budzi-sie-nad-strumykiem\/\" >\n\t\t\tRead More \u00bb\t\t<\/a>\n\n\t\t\t\t<\/div>\n\t\t\t\t<\/article>\n\t\t\t\t<\/div>\n\t\t\n\t\t\t\t\t\t<\/div>\n\t\t\t\t<\/div>\n\t\t\t\t\t<\/div>\n\t\t<\/div>\n\t\t\t\t\t<\/div>\n\t\t<\/section>\n\t\t\t\t<\/div>\n\t\t","protected":false},"excerpt":{"rendered":"<p>Informacja o wolnym miejscu w naszym Domu Pomocy Spo\u0142ecznej Szanowni Pa\u0144stwo, Informujemy, \u017ce w naszym Domu Pomocy Spo\u0142ecznej pojawi\u0142o si\u0119 jedno wolne miejsce dla nowego Mieszka\u0144ca ! Oferujemy ca\u0142odobow\u0105 opiek\u0119, komfortowe warunki mieszkaniowe, indywidualne podej\u015bcie do mieszka\u0144c\u00f3w oraz bogaty program zaj\u0119\u0107 terapeutycznych i integracyjnych. Zainteresowanych prosimy o kontakt telefoniczny. Ch\u0119tnie udzielimy szczeg\u00f3\u0142owych informacji i pomo\u017cemy [&hellip;]<\/p>\n","protected":false},"author":2,"featured_media":2075,"comment_status":"closed","ping_status":"open","sticky":false,"template":"","format":"standard","meta":{"footnotes":""},"categories":[5],"tags":[],"class_list":["post-2074","post","type-post","status-publish","format-standard","has-post-thumbnail","hentry","category-aktualnosci"],"yoast_head":"<!-- This site is optimized with the Yoast SEO plugin v26.8 - https:\/\/yoast.com\/product\/yoast-seo-wordpress\/ -->\n<title>Informacja o wolnym miejscu w naszym Domu Pomocy Spo\u0142ecznej - Zak\u0142ad opieku\u0144czy - Dom Seniora - Nad Strumykiem<\/title>\n<meta name=\"robots\" content=\"index, follow, max-snippet:-1, max-image-preview:large, max-video-preview:-1\" \/>\n<link rel=\"canonical\" href=\"https:\/\/www.domseniora.net\/index.php\/2025\/10\/02\/informacja-o-wolnym-miejscu-w-naszym-domu-pomocy-spolecznej\/\" \/>\n<meta property=\"og:locale\" content=\"pl_PL\" \/>\n<meta property=\"og:type\" content=\"article\" \/>\n<meta property=\"og:title\" content=\"Informacja o wolnym miejscu w naszym Domu Pomocy Spo\u0142ecznej - Zak\u0142ad opieku\u0144czy - Dom Seniora - Nad Strumykiem\" \/>\n<meta property=\"og:description\" content=\"Informacja o wolnym miejscu w naszym Domu Pomocy Spo\u0142ecznej Szanowni Pa\u0144stwo, Informujemy, \u017ce w naszym Domu Pomocy Spo\u0142ecznej pojawi\u0142o si\u0119 jedno wolne miejsce dla nowego Mieszka\u0144ca ! Oferujemy ca\u0142odobow\u0105 opiek\u0119, komfortowe warunki mieszkaniowe, indywidualne podej\u015bcie do mieszka\u0144c\u00f3w oraz bogaty program zaj\u0119\u0107 terapeutycznych i integracyjnych. Zainteresowanych prosimy o kontakt telefoniczny. Ch\u0119tnie udzielimy szczeg\u00f3\u0142owych informacji i pomo\u017cemy [&hellip;]\" \/>\n<meta property=\"og:url\" content=\"https:\/\/www.domseniora.net\/index.php\/2025\/10\/02\/informacja-o-wolnym-miejscu-w-naszym-domu-pomocy-spolecznej\/\" \/>\n<meta property=\"og:site_name\" content=\"Zak\u0142ad opieku\u0144czy - Dom Seniora - Nad Strumykiem\" \/>\n<meta property=\"article:published_time\" content=\"2025-10-02T18:23:55+00:00\" \/>\n<meta property=\"article:modified_time\" content=\"2025-10-02T18:29:38+00:00\" \/>\n<meta property=\"og:image\" content=\"https:\/\/www.domseniora.net\/wp-content\/uploads\/2025\/10\/pokoj.webp\" \/>\n\t<meta property=\"og:image:width\" content=\"1125\" \/>\n\t<meta property=\"og:image:height\" content=\"1500\" \/>\n\t<meta property=\"og:image:type\" content=\"image\/webp\" \/>\n<meta name=\"author\" content=\"Bart\u0142omiej Pluci\u0144ski\" \/>\n<meta name=\"twitter:card\" content=\"summary_large_image\" \/>\n<meta name=\"twitter:label1\" content=\"Napisane przez\" \/>\n\t<meta name=\"twitter:data1\" content=\"Bart\u0142omiej Pluci\u0144ski\" \/>\n\t<meta name=\"twitter:label2\" content=\"Szacowany czas czytania\" \/>\n\t<meta name=\"twitter:data2\" content=\"7 minut\" \/>\n<script type=\"application\/ld+json\" class=\"yoast-schema-graph\">{\"@context\":\"https:\/\/schema.org\",\"@graph\":[{\"@type\":\"Article\",\"@id\":\"https:\/\/www.domseniora.net\/index.php\/2025\/10\/02\/informacja-o-wolnym-miejscu-w-naszym-domu-pomocy-spolecznej\/#article\",\"isPartOf\":{\"@id\":\"https:\/\/www.domseniora.net\/index.php\/2025\/10\/02\/informacja-o-wolnym-miejscu-w-naszym-domu-pomocy-spolecznej\/\"},\"author\":{\"name\":\"Bart\u0142omiej Pluci\u0144ski\",\"@id\":\"https:\/\/www.domseniora.net\/#\/schema\/person\/7b424644a9f9e76a23ce5fd475f8f5d8\"},\"headline\":\"Informacja o wolnym miejscu w naszym Domu Pomocy Spo\u0142ecznej\",\"datePublished\":\"2025-10-02T18:23:55+00:00\",\"dateModified\":\"2025-10-02T18:29:38+00:00\",\"mainEntityOfPage\":{\"@id\":\"https:\/\/www.domseniora.net\/index.php\/2025\/10\/02\/informacja-o-wolnym-miejscu-w-naszym-domu-pomocy-spolecznej\/\"},\"wordCount\":80,\"publisher\":{\"@id\":\"https:\/\/www.domseniora.net\/#organization\"},\"image\":{\"@id\":\"https:\/\/www.domseniora.net\/index.php\/2025\/10\/02\/informacja-o-wolnym-miejscu-w-naszym-domu-pomocy-spolecznej\/#primaryimage\"},\"thumbnailUrl\":\"http:\/\/www.domseniora.net\/wp-content\/uploads\/2025\/10\/pokoj.webp\",\"articleSection\":[\"Aktualno\u015bci\"],\"inLanguage\":\"pl-PL\"},{\"@type\":\"WebPage\",\"@id\":\"https:\/\/www.domseniora.net\/index.php\/2025\/10\/02\/informacja-o-wolnym-miejscu-w-naszym-domu-pomocy-spolecznej\/\",\"url\":\"https:\/\/www.domseniora.net\/index.php\/2025\/10\/02\/informacja-o-wolnym-miejscu-w-naszym-domu-pomocy-spolecznej\/\",\"name\":\"Informacja o wolnym miejscu w naszym Domu Pomocy Spo\u0142ecznej - Zak\u0142ad opieku\u0144czy - Dom Seniora - Nad Strumykiem\",\"isPartOf\":{\"@id\":\"https:\/\/www.domseniora.net\/#website\"},\"primaryImageOfPage\":{\"@id\":\"https:\/\/www.domseniora.net\/index.php\/2025\/10\/02\/informacja-o-wolnym-miejscu-w-naszym-domu-pomocy-spolecznej\/#primaryimage\"},\"image\":{\"@id\":\"https:\/\/www.domseniora.net\/index.php\/2025\/10\/02\/informacja-o-wolnym-miejscu-w-naszym-domu-pomocy-spolecznej\/#primaryimage\"},\"thumbnailUrl\":\"http:\/\/www.domseniora.net\/wp-content\/uploads\/2025\/10\/pokoj.webp\",\"datePublished\":\"2025-10-02T18:23:55+00:00\",\"dateModified\":\"2025-10-02T18:29:38+00:00\",\"breadcrumb\":{\"@id\":\"https:\/\/www.domseniora.net\/index.php\/2025\/10\/02\/informacja-o-wolnym-miejscu-w-naszym-domu-pomocy-spolecznej\/#breadcrumb\"},\"inLanguage\":\"pl-PL\",\"potentialAction\":[{\"@type\":\"ReadAction\",\"target\":[\"https:\/\/www.domseniora.net\/index.php\/2025\/10\/02\/informacja-o-wolnym-miejscu-w-naszym-domu-pomocy-spolecznej\/\"]}]},{\"@type\":\"ImageObject\",\"inLanguage\":\"pl-PL\",\"@id\":\"https:\/\/www.domseniora.net\/index.php\/2025\/10\/02\/informacja-o-wolnym-miejscu-w-naszym-domu-pomocy-spolecznej\/#primaryimage\",\"url\":\"http:\/\/www.domseniora.net\/wp-content\/uploads\/2025\/10\/pokoj.webp\",\"contentUrl\":\"http:\/\/www.domseniora.net\/wp-content\/uploads\/2025\/10\/pokoj.webp\",\"width\":1125,\"height\":1500},{\"@type\":\"BreadcrumbList\",\"@id\":\"https:\/\/www.domseniora.net\/index.php\/2025\/10\/02\/informacja-o-wolnym-miejscu-w-naszym-domu-pomocy-spolecznej\/#breadcrumb\",\"itemListElement\":[{\"@type\":\"ListItem\",\"position\":1,\"name\":\"Strona g\u0142\u00f3wna\",\"item\":\"https:\/\/www.domseniora.net\/\"},{\"@type\":\"ListItem\",\"position\":2,\"name\":\"Informacja o wolnym miejscu w naszym Domu Pomocy Spo\u0142ecznej\"}]},{\"@type\":\"WebSite\",\"@id\":\"https:\/\/www.domseniora.net\/#website\",\"url\":\"https:\/\/www.domseniora.net\/\",\"name\":\"Zak\u0142ad opieku\u0144czy - Dom Seniora - Nad Strumykiem\",\"description\":\"Zielono mi\",\"publisher\":{\"@id\":\"https:\/\/www.domseniora.net\/#organization\"},\"potentialAction\":[{\"@type\":\"SearchAction\",\"target\":{\"@type\":\"EntryPoint\",\"urlTemplate\":\"https:\/\/www.domseniora.net\/?s={search_term_string}\"},\"query-input\":{\"@type\":\"PropertyValueSpecification\",\"valueRequired\":true,\"valueName\":\"search_term_string\"}}],\"inLanguage\":\"pl-PL\"},{\"@type\":\"Organization\",\"@id\":\"https:\/\/www.domseniora.net\/#organization\",\"name\":\"Zak\u0142ad opieku\u0144czy - Dom Seniora - Nad Strumykiem\",\"url\":\"https:\/\/www.domseniora.net\/\",\"logo\":{\"@type\":\"ImageObject\",\"inLanguage\":\"pl-PL\",\"@id\":\"https:\/\/www.domseniora.net\/#\/schema\/logo\/image\/\",\"url\":\"http:\/\/www.domseniora.net\/wp-content\/uploads\/2025\/06\/IMG_20250605_071240.jpg\",\"contentUrl\":\"http:\/\/www.domseniora.net\/wp-content\/uploads\/2025\/06\/IMG_20250605_071240.jpg\",\"width\":3072,\"height\":4096,\"caption\":\"Zak\u0142ad opieku\u0144czy - Dom Seniora - Nad Strumykiem\"},\"image\":{\"@id\":\"https:\/\/www.domseniora.net\/#\/schema\/logo\/image\/\"}},{\"@type\":\"Person\",\"@id\":\"https:\/\/www.domseniora.net\/#\/schema\/person\/7b424644a9f9e76a23ce5fd475f8f5d8\",\"name\":\"Bart\u0142omiej Pluci\u0144ski\",\"image\":{\"@type\":\"ImageObject\",\"inLanguage\":\"pl-PL\",\"@id\":\"https:\/\/www.domseniora.net\/#\/schema\/person\/image\/\",\"url\":\"https:\/\/secure.gravatar.com\/avatar\/1c889d9440659590dde286c9c16fe244?s=96&d=mm&r=g\",\"contentUrl\":\"https:\/\/secure.gravatar.com\/avatar\/1c889d9440659590dde286c9c16fe244?s=96&d=mm&r=g\",\"caption\":\"Bart\u0142omiej Pluci\u0144ski\"},\"sameAs\":[\"https:\/\/www.domseniora.net\/\"],\"url\":\"http:\/\/www.domseniora.net\/index.php\/author\/bartek\/\"}]}<\/script>\n<!-- \/ Yoast SEO plugin. -->","yoast_head_json":{"title":"Informacja o wolnym miejscu w naszym Domu Pomocy Spo\u0142ecznej - Zak\u0142ad opieku\u0144czy - Dom Seniora - Nad Strumykiem","robots":{"index":"index","follow":"follow","max-snippet":"max-snippet:-1","max-image-preview":"max-image-preview:large","max-video-preview":"max-video-preview:-1"},"canonical":"https:\/\/www.domseniora.net\/index.php\/2025\/10\/02\/informacja-o-wolnym-miejscu-w-naszym-domu-pomocy-spolecznej\/","og_locale":"pl_PL","og_type":"article","og_title":"Informacja o wolnym miejscu w naszym Domu Pomocy Spo\u0142ecznej - Zak\u0142ad opieku\u0144czy - Dom Seniora - Nad Strumykiem","og_description":"Informacja o wolnym miejscu w naszym Domu Pomocy Spo\u0142ecznej Szanowni Pa\u0144stwo, Informujemy, \u017ce w naszym Domu Pomocy Spo\u0142ecznej pojawi\u0142o si\u0119 jedno wolne miejsce dla nowego Mieszka\u0144ca ! Oferujemy ca\u0142odobow\u0105 opiek\u0119, komfortowe warunki mieszkaniowe, indywidualne podej\u015bcie do mieszka\u0144c\u00f3w oraz bogaty program zaj\u0119\u0107 terapeutycznych i integracyjnych. Zainteresowanych prosimy o kontakt telefoniczny. Ch\u0119tnie udzielimy szczeg\u00f3\u0142owych informacji i pomo\u017cemy [&hellip;]","og_url":"https:\/\/www.domseniora.net\/index.php\/2025\/10\/02\/informacja-o-wolnym-miejscu-w-naszym-domu-pomocy-spolecznej\/","og_site_name":"Zak\u0142ad opieku\u0144czy - Dom Seniora - Nad Strumykiem","article_published_time":"2025-10-02T18:23:55+00:00","article_modified_time":"2025-10-02T18:29:38+00:00","og_image":[{"width":1125,"height":1500,"url":"https:\/\/www.domseniora.net\/wp-content\/uploads\/2025\/10\/pokoj.webp","type":"image\/webp"}],"author":"Bart\u0142omiej Pluci\u0144ski","twitter_card":"summary_large_image","twitter_misc":{"Napisane przez":"Bart\u0142omiej Pluci\u0144ski","Szacowany czas czytania":"7 minut"},"schema":{"@context":"https:\/\/schema.org","@graph":[{"@type":"Article","@id":"https:\/\/www.domseniora.net\/index.php\/2025\/10\/02\/informacja-o-wolnym-miejscu-w-naszym-domu-pomocy-spolecznej\/#article","isPartOf":{"@id":"https:\/\/www.domseniora.net\/index.php\/2025\/10\/02\/informacja-o-wolnym-miejscu-w-naszym-domu-pomocy-spolecznej\/"},"author":{"name":"Bart\u0142omiej Pluci\u0144ski","@id":"https:\/\/www.domseniora.net\/#\/schema\/person\/7b424644a9f9e76a23ce5fd475f8f5d8"},"headline":"Informacja o wolnym miejscu w naszym Domu Pomocy Spo\u0142ecznej","datePublished":"2025-10-02T18:23:55+00:00","dateModified":"2025-10-02T18:29:38+00:00","mainEntityOfPage":{"@id":"https:\/\/www.domseniora.net\/index.php\/2025\/10\/02\/informacja-o-wolnym-miejscu-w-naszym-domu-pomocy-spolecznej\/"},"wordCount":80,"publisher":{"@id":"https:\/\/www.domseniora.net\/#organization"},"image":{"@id":"https:\/\/www.domseniora.net\/index.php\/2025\/10\/02\/informacja-o-wolnym-miejscu-w-naszym-domu-pomocy-spolecznej\/#primaryimage"},"thumbnailUrl":"http:\/\/www.domseniora.net\/wp-content\/uploads\/2025\/10\/pokoj.webp","articleSection":["Aktualno\u015bci"],"inLanguage":"pl-PL"},{"@type":"WebPage","@id":"https:\/\/www.domseniora.net\/index.php\/2025\/10\/02\/informacja-o-wolnym-miejscu-w-naszym-domu-pomocy-spolecznej\/","url":"https:\/\/www.domseniora.net\/index.php\/2025\/10\/02\/informacja-o-wolnym-miejscu-w-naszym-domu-pomocy-spolecznej\/","name":"Informacja o wolnym miejscu w naszym Domu Pomocy Spo\u0142ecznej - Zak\u0142ad opieku\u0144czy - Dom Seniora - Nad Strumykiem","isPartOf":{"@id":"https:\/\/www.domseniora.net\/#website"},"primaryImageOfPage":{"@id":"https:\/\/www.domseniora.net\/index.php\/2025\/10\/02\/informacja-o-wolnym-miejscu-w-naszym-domu-pomocy-spolecznej\/#primaryimage"},"image":{"@id":"https:\/\/www.domseniora.net\/index.php\/2025\/10\/02\/informacja-o-wolnym-miejscu-w-naszym-domu-pomocy-spolecznej\/#primaryimage"},"thumbnailUrl":"http:\/\/www.domseniora.net\/wp-content\/uploads\/2025\/10\/pokoj.webp","datePublished":"2025-10-02T18:23:55+00:00","dateModified":"2025-10-02T18:29:38+00:00","breadcrumb":{"@id":"https:\/\/www.domseniora.net\/index.php\/2025\/10\/02\/informacja-o-wolnym-miejscu-w-naszym-domu-pomocy-spolecznej\/#breadcrumb"},"inLanguage":"pl-PL","potentialAction":[{"@type":"ReadAction","target":["https:\/\/www.domseniora.net\/index.php\/2025\/10\/02\/informacja-o-wolnym-miejscu-w-naszym-domu-pomocy-spolecznej\/"]}]},{"@type":"ImageObject","inLanguage":"pl-PL","@id":"https:\/\/www.domseniora.net\/index.php\/2025\/10\/02\/informacja-o-wolnym-miejscu-w-naszym-domu-pomocy-spolecznej\/#primaryimage","url":"http:\/\/www.domseniora.net\/wp-content\/uploads\/2025\/10\/pokoj.webp","contentUrl":"http:\/\/www.domseniora.net\/wp-content\/uploads\/2025\/10\/pokoj.webp","width":1125,"height":1500},{"@type":"BreadcrumbList","@id":"https:\/\/www.domseniora.net\/index.php\/2025\/10\/02\/informacja-o-wolnym-miejscu-w-naszym-domu-pomocy-spolecznej\/#breadcrumb","itemListElement":[{"@type":"ListItem","position":1,"name":"Strona g\u0142\u00f3wna","item":"https:\/\/www.domseniora.net\/"},{"@type":"ListItem","position":2,"name":"Informacja o wolnym miejscu w naszym Domu Pomocy Spo\u0142ecznej"}]},{"@type":"WebSite","@id":"https:\/\/www.domseniora.net\/#website","url":"https:\/\/www.domseniora.net\/","name":"Zak\u0142ad opieku\u0144czy - Dom Seniora - Nad Strumykiem","description":"Zielono mi","publisher":{"@id":"https:\/\/www.domseniora.net\/#organization"},"potentialAction":[{"@type":"SearchAction","target":{"@type":"EntryPoint","urlTemplate":"https:\/\/www.domseniora.net\/?s={search_term_string}"},"query-input":{"@type":"PropertyValueSpecification","valueRequired":true,"valueName":"search_term_string"}}],"inLanguage":"pl-PL"},{"@type":"Organization","@id":"https:\/\/www.domseniora.net\/#organization","name":"Zak\u0142ad opieku\u0144czy - Dom Seniora - Nad Strumykiem","url":"https:\/\/www.domseniora.net\/","logo":{"@type":"ImageObject","inLanguage":"pl-PL","@id":"https:\/\/www.domseniora.net\/#\/schema\/logo\/image\/","url":"http:\/\/www.domseniora.net\/wp-content\/uploads\/2025\/06\/IMG_20250605_071240.jpg","contentUrl":"http:\/\/www.domseniora.net\/wp-content\/uploads\/2025\/06\/IMG_20250605_071240.jpg","width":3072,"height":4096,"caption":"Zak\u0142ad opieku\u0144czy - Dom Seniora - Nad Strumykiem"},"image":{"@id":"https:\/\/www.domseniora.net\/#\/schema\/logo\/image\/"}},{"@type":"Person","@id":"https:\/\/www.domseniora.net\/#\/schema\/person\/7b424644a9f9e76a23ce5fd475f8f5d8","name":"Bart\u0142omiej Pluci\u0144ski","image":{"@type":"ImageObject","inLanguage":"pl-PL","@id":"https:\/\/www.domseniora.net\/#\/schema\/person\/image\/","url":"https:\/\/secure.gravatar.com\/avatar\/1c889d9440659590dde286c9c16fe244?s=96&d=mm&r=g","contentUrl":"https:\/\/secure.gravatar.com\/avatar\/1c889d9440659590dde286c9c16fe244?s=96&d=mm&r=g","caption":"Bart\u0142omiej Pluci\u0144ski"},"sameAs":["https:\/\/www.domseniora.net\/"],"url":"http:\/\/www.domseniora.net\/index.php\/author\/bartek\/"}]}},"_links":{"self":[{"href":"http:\/\/www.domseniora.net\/index.php\/wp-json\/wp\/v2\/posts\/2074","targetHints":{"allow":["GET"]}}],"collection":[{"href":"http:\/\/www.domseniora.net\/index.php\/wp-json\/wp\/v2\/posts"}],"about":[{"href":"http:\/\/www.domseniora.net\/index.php\/wp-json\/wp\/v2\/types\/post"}],"author":[{"embeddable":true,"href":"http:\/\/www.domseniora.net\/index.php\/wp-json\/wp\/v2\/users\/2"}],"replies":[{"embeddable":true,"href":"http:\/\/www.domseniora.net\/index.php\/wp-json\/wp\/v2\/comments?post=2074"}],"version-history":[{"count":4,"href":"http:\/\/www.domseniora.net\/index.php\/wp-json\/wp\/v2\/posts\/2074\/revisions"}],"predecessor-version":[{"id":2079,"href":"http:\/\/www.domseniora.net\/index.php\/wp-json\/wp\/v2\/posts\/2074\/revisions\/2079"}],"wp:featuredmedia":[{"embeddable":true,"href":"http:\/\/www.domseniora.net\/index.php\/wp-json\/wp\/v2\/media\/2075"}],"wp:attachment":[{"href":"http:\/\/www.domseniora.net\/index.php\/wp-json\/wp\/v2\/media?parent=2074"}],"wp:term":[{"taxonomy":"category","embeddable":true,"href":"http:\/\/www.domseniora.net\/index.php\/wp-json\/wp\/v2\/categories?post=2074"},{"taxonomy":"post_tag","embeddable":true,"href":"http:\/\/www.domseniora.net\/index.php\/wp-json\/wp\/v2\/tags?post=2074"}],"curies":[{"name":"wp","href":"https:\/\/api.w.org\/{rel}","templated":true}]}}